{"id":188,"date":"2020-12-01T17:32:33","date_gmt":"2020-12-01T17:32:33","guid":{"rendered":"http:\/\/theater-unna.de\/?p=188"},"modified":"2026-02-16T18:32:39","modified_gmt":"2026-02-16T18:32:39","slug":"neues-buchprojekt","status":"publish","type":"post","link":"https:\/\/andreasgilles.de\/?p=188","title":{"rendered":"Neues Buchprojekt"},"content":{"rendered":"\n<p>Momentan nutze ich die Zeit, in der keine Veranstaltungen m\u00f6glich sind, um wieder einmal an einem neuen Buch zu schreiben.<\/p>\n\n\n\n<p>Es wird ein Roman f\u00fcr Jugendliche und erwachsene Leser*innen und dreht sich um ein Geheimnis, auf welches Lisa, die Protagonistin zuf\u00e4llig st\u00f6\u00dft. Im Laufe der Geschichte stellt sie fest, das dieses Geheimnis mehr mit ihrem eigenen Leben zu tun hat, als sie anfangs ahnt.<\/p>\n\n\n\n<p>Das Projekt wird vom Land Nordrhein-Westfalen gef\u00f6rdert.  Ab Anfang 2021 wird die Erz\u00e4hlung \u00fcber meine Internetpr\u00e4senz als Fortsetzungsroman kapitelweise ver\u00f6ffentlicht. Sie wird zum Lesen und zum H\u00f6ren als H\u00f6rbuch abzurufen sein.<\/p>\n\n\n\n<p>Die genauen Ver\u00f6ffentlichungstermine stehen noch nicht fest, denn es gibt noch viel zu tun. Wenn es soweit ist, werde ich den &#8222;Fahrplan&#8220; hier bekanntgeben.<\/p>\n","protected":false},"excerpt":{"rendered":"<p>Momentan nutze ich die Zeit, in der keine Veranstaltungen m\u00f6glich sind, um wieder einmal an einem neuen Buch zu schreiben. Es wird ein Roman f\u00fcr Jugendliche und erwachsene Leser*innen und dreht sich um ein Geheimnis, auf welches Lisa, die Protagonistin zuf\u00e4llig st\u00f6\u00dft. Im Laufe der Geschichte stellt sie fest, das dieses Geheimnis mehr mit ihrem [&hellip;]<\/p>\n","protected":false},"author":1,"featured_media":189,"comment_status":"open","ping_status":"open","sticky":false,"template":"","format":"standard","meta":{"footnotes":""},"categories":[12,10],"tags":[],"class_list":["post-188","post","type-post","status-publish","format-standard","has-post-thumbnail","hentry","category-anmerkungen","category-autor"],"_links":{"self":[{"href":"https:\/\/andreasgilles.de\/index.php?rest_route=\/wp\/v2\/posts\/188","targetHints":{"allow":["GET"]}}],"collection":[{"href":"https:\/\/andreasgilles.de\/index.php?rest_route=\/wp\/v2\/posts"}],"about":[{"href":"https:\/\/andreasgilles.de\/index.php?rest_route=\/wp\/v2\/types\/post"}],"author":[{"embeddable":true,"href":"https:\/\/andreasgilles.de\/index.php?rest_route=\/wp\/v2\/users\/1"}],"replies":[{"embeddable":true,"href":"https:\/\/andreasgilles.de\/index.php?rest_route=%2Fwp%2Fv2%2Fcomments&post=188"}],"version-history":[{"count":2,"href":"https:\/\/andreasgilles.de\/index.php?rest_route=\/wp\/v2\/posts\/188\/revisions"}],"predecessor-version":[{"id":192,"href":"https:\/\/andreasgilles.de\/index.php?rest_route=\/wp\/v2\/posts\/188\/revisions\/192"}],"wp:featuredmedia":[{"embeddable":true,"href":"https:\/\/andreasgilles.de\/index.php?rest_route=\/wp\/v2\/media\/189"}],"wp:attachment":[{"href":"https:\/\/andreasgilles.de\/index.php?rest_route=%2Fwp%2Fv2%2Fmedia&parent=188"}],"wp:term":[{"taxonomy":"category","embeddable":true,"href":"https:\/\/andreasgilles.de\/index.php?rest_route=%2Fwp%2Fv2%2Fcategories&post=188"},{"taxonomy":"post_tag","embeddable":true,"href":"https:\/\/andreasgilles.de\/index.php?rest_route=%2Fwp%2Fv2%2Ftags&post=188"}],"curies":[{"name":"wp","href":"https:\/\/api.w.org\/{rel}","templated":true}]}}