{"id":183,"date":"2020-08-23T17:44:06","date_gmt":"2020-08-23T17:44:06","guid":{"rendered":"http:\/\/theater-unna.de\/?p=183"},"modified":"2026-02-16T18:32:44","modified_gmt":"2026-02-16T18:32:44","slug":"mit-kultur-aus-der-krise","status":"publish","type":"post","link":"https:\/\/andreasgilles.de\/?p=183","title":{"rendered":"Mit Kultur aus der Krise"},"content":{"rendered":"\n<p>Mein letzter Blog-Eintrag ist nun schon einige Zeit her und ich war damals zugegebenerma\u00dfen recht frustriert, sah doch die Situation f\u00fcr die Kulturschaffenden nicht besonders rosig aus.<\/p>\n\n\n\n<p>Nun, ein paar Wochen und Antr\u00e4ge sp\u00e4ter, hat sich die finanzielle Lage nicht entscheidend gebessert und auch f\u00fcr die Zukunft ist noch nicht wirklich ersichtlich, wie es weitergehen soll. Projektarbeit an Schulen und mit Gruppen, wie ich sie bisher gewohnt war, ist auf lange Sicht nicht denkbar und auch \u00f6ffentliche Veranstaltungen sind nur schwer und unter Auflagen durchzuf\u00fchren, so dass auch keine Auftritte mit meinem Impro-Ensemble ARTE flessibile stattfinden k\u00f6nnen.<\/p>\n\n\n\n<p>Dennoch steckt in jeder Krise auch eine Chance und so habe ich angefangen f\u00fcr die Zukunft zu planen und Dinge anzugehen, f\u00fcr die im normalen Alltag vermutlich kein Platz gewesen w\u00e4re. Daher habe ich mir auch ohne Bezahlung neue Ziele gesetzt und  Altbew\u00e4hrtes wieder aufgenommen.<\/p>\n\n\n\n<p>So habe ich beispielsweise mein Tonstudio audio-ag.de modernisiert, um f\u00fcr zuk\u00fcnftige Projekte ger\u00fcstet zu sein. ARTE flessibile zieht gerade in neue R\u00e4umlichkeiten, um wieder Impro-Shows veranstalten zu k\u00f6nnen und Mitte September wird Castra Camensia erstmals wieder, in kleinem Rahmen und in Absprache mit dem \u00f6rtlichen Ordnungsamt, historisches Handwerk des 15. Jahrhunderts vorf\u00fchren. Au\u00dferdem sind noch weitere Vorhaben in Planung, von denen ich zu gegebener Zeit berichten werde.<\/p>\n\n\n\n<p>Es geht also weiter, mal sehen, wo der Weg hinf\u00fchrt.<\/p>\n","protected":false},"excerpt":{"rendered":"<p>Mein letzter Blog-Eintrag ist nun schon einige Zeit her und ich war damals zugegebenerma\u00dfen recht frustriert, sah doch die Situation f\u00fcr die Kulturschaffenden nicht besonders rosig aus. Nun, ein paar Wochen und Antr\u00e4ge sp\u00e4ter, hat sich die finanzielle Lage nicht entscheidend gebessert und auch f\u00fcr die Zukunft ist noch nicht wirklich ersichtlich, wie es weitergehen [&hellip;]<\/p>\n","protected":false},"author":1,"featured_media":186,"comment_status":"open","ping_status":"open","sticky":false,"template":"","format":"standard","meta":{"footnotes":""},"categories":[12],"tags":[],"class_list":["post-183","post","type-post","status-publish","format-standard","has-post-thumbnail","hentry","category-anmerkungen"],"_links":{"self":[{"href":"https:\/\/andreasgilles.de\/index.php?rest_route=\/wp\/v2\/posts\/183","targetHints":{"allow":["GET"]}}],"collection":[{"href":"https:\/\/andreasgilles.de\/index.php?rest_route=\/wp\/v2\/posts"}],"about":[{"href":"https:\/\/andreasgilles.de\/index.php?rest_route=\/wp\/v2\/types\/post"}],"author":[{"embeddable":true,"href":"https:\/\/andreasgilles.de\/index.php?rest_route=\/wp\/v2\/users\/1"}],"replies":[{"embeddable":true,"href":"https:\/\/andreasgilles.de\/index.php?rest_route=%2Fwp%2Fv2%2Fcomments&post=183"}],"version-history":[{"count":1,"href":"https:\/\/andreasgilles.de\/index.php?rest_route=\/wp\/v2\/posts\/183\/revisions"}],"predecessor-version":[{"id":184,"href":"https:\/\/andreasgilles.de\/index.php?rest_route=\/wp\/v2\/posts\/183\/revisions\/184"}],"wp:featuredmedia":[{"embeddable":true,"href":"https:\/\/andreasgilles.de\/index.php?rest_route=\/wp\/v2\/media\/186"}],"wp:attachment":[{"href":"https:\/\/andreasgilles.de\/index.php?rest_route=%2Fwp%2Fv2%2Fmedia&parent=183"}],"wp:term":[{"taxonomy":"category","embeddable":true,"href":"https:\/\/andreasgilles.de\/index.php?rest_route=%2Fwp%2Fv2%2Fcategories&post=183"},{"taxonomy":"post_tag","embeddable":true,"href":"https:\/\/andreasgilles.de\/index.php?rest_route=%2Fwp%2Fv2%2Ftags&post=183"}],"curies":[{"name":"wp","href":"https:\/\/api.w.org\/{rel}","templated":true}]}}