{"id":149,"date":"2020-03-20T18:01:00","date_gmt":"2020-03-20T18:01:00","guid":{"rendered":"http:\/\/theater-unna.de\/?p=149"},"modified":"2026-02-16T18:33:04","modified_gmt":"2026-02-16T18:33:04","slug":"musiktheaterprojekt-verschoben","status":"publish","type":"post","link":"https:\/\/andreasgilles.de\/?p=149","title":{"rendered":"Musiktheaterprojekt verschoben"},"content":{"rendered":"\n<p>Durch die Corona-Krise waren wir gezwungen, das Musiktheaterprojekt &#8222;Der Mikado&#8220; von Gilbert und Sullivan der St\u00e4dtischen Musikschule Kamen zu verschieben .<\/p>\n\n\n\n<p>Anfang 2021 wird es Wiederaufnahmeproben geben. Die Auff\u00fchrungen unter der Regie von Andreas Gilles und der Gesamtleitung von Bettina Lecking werden dann am 27. und 28. M\u00e4rz 2021 in der Konzertaula Kamen  stattfinden.<\/p>\n","protected":false},"excerpt":{"rendered":"<p>Durch die Corona-Krise waren wir gezwungen, das Musiktheaterprojekt &#8222;Der Mikado&#8220; von Gilbert und Sullivan der St\u00e4dtischen Musikschule Kamen zu verschieben . Anfang 2021 wird es Wiederaufnahmeproben geben. Die Auff\u00fchrungen unter der Regie von Andreas Gilles und der Gesamtleitung von Bettina Lecking werden dann am 27. und 28. M\u00e4rz 2021 in der Konzertaula Kamen stattfinden.<\/p>\n","protected":false},"author":1,"featured_media":155,"comment_status":"open","ping_status":"open","sticky":false,"template":"","format":"standard","meta":{"footnotes":""},"categories":[12,11,6,9],"tags":[],"class_list":["post-149","post","type-post","status-publish","format-standard","has-post-thumbnail","hentry","category-anmerkungen","category-musik","category-projekte","category-regie"],"_links":{"self":[{"href":"https:\/\/andreasgilles.de\/index.php?rest_route=\/wp\/v2\/posts\/149","targetHints":{"allow":["GET"]}}],"collection":[{"href":"https:\/\/andreasgilles.de\/index.php?rest_route=\/wp\/v2\/posts"}],"about":[{"href":"https:\/\/andreasgilles.de\/index.php?rest_route=\/wp\/v2\/types\/post"}],"author":[{"embeddable":true,"href":"https:\/\/andreasgilles.de\/index.php?rest_route=\/wp\/v2\/users\/1"}],"replies":[{"embeddable":true,"href":"https:\/\/andreasgilles.de\/index.php?rest_route=%2Fwp%2Fv2%2Fcomments&post=149"}],"version-history":[{"count":1,"href":"https:\/\/andreasgilles.de\/index.php?rest_route=\/wp\/v2\/posts\/149\/revisions"}],"predecessor-version":[{"id":151,"href":"https:\/\/andreasgilles.de\/index.php?rest_route=\/wp\/v2\/posts\/149\/revisions\/151"}],"wp:featuredmedia":[{"embeddable":true,"href":"https:\/\/andreasgilles.de\/index.php?rest_route=\/wp\/v2\/media\/155"}],"wp:attachment":[{"href":"https:\/\/andreasgilles.de\/index.php?rest_route=%2Fwp%2Fv2%2Fmedia&parent=149"}],"wp:term":[{"taxonomy":"category","embeddable":true,"href":"https:\/\/andreasgilles.de\/index.php?rest_route=%2Fwp%2Fv2%2Fcategories&post=149"},{"taxonomy":"post_tag","embeddable":true,"href":"https:\/\/andreasgilles.de\/index.php?rest_route=%2Fwp%2Fv2%2Ftags&post=149"}],"curies":[{"name":"wp","href":"https:\/\/api.w.org\/{rel}","templated":true}]}}